{"id":2131,"date":"2022-08-25T13:34:03","date_gmt":"2022-08-25T13:34:03","guid":{"rendered":"https:\/\/www.ymjakt.fi\/?p=2131"},"modified":"2022-08-25T13:34:04","modified_gmt":"2022-08-25T13:34:04","slug":"gemensam-ungdomskvall-30-8","status":"publish","type":"post","link":"https:\/\/www.ymjakt.fi\/?p=2131","title":{"rendered":"Gemensam ungdomskv\u00e4ll 30.8"},"content":{"rendered":"\n<p>Yttermalax samt \u00d6vermalax jaktklubbar ordnar gemensam ungdomskv\u00e4ll vid Yttermalax jaktstuga tisdag 30.8 kl:18.00 V\u00e4lkommen!<\/p>\n","protected":false},"excerpt":{"rendered":"<p>Yttermalax samt \u00d6vermalax jaktklubbar ordnar gemensam ungdomskv\u00e4ll vid Yttermalax jaktstuga tisdag 30.8 kl:18.00 V\u00e4lkommen!<\/p>\n","protected":false},"author":1,"featured_media":0,"comment_status":"closed","ping_status":"open","sticky":false,"template":"","format":"standard","meta":{"footnotes":""},"categories":[1],"tags":[],"class_list":["post-2131","post","type-post","status-publish","format-standard","hentry","category-jakt-jakt"],"_links":{"self":[{"href":"https:\/\/www.ymjakt.fi\/index.php?rest_route=\/wp\/v2\/posts\/2131","targetHints":{"allow":["GET"]}}],"collection":[{"href":"https:\/\/www.ymjakt.fi\/index.php?rest_route=\/wp\/v2\/posts"}],"about":[{"href":"https:\/\/www.ymjakt.fi\/index.php?rest_route=\/wp\/v2\/types\/post"}],"author":[{"embeddable":true,"href":"https:\/\/www.ymjakt.fi\/index.php?rest_route=\/wp\/v2\/users\/1"}],"replies":[{"embeddable":true,"href":"https:\/\/www.ymjakt.fi\/index.php?rest_route=%2Fwp%2Fv2%2Fcomments&post=2131"}],"version-history":[{"count":1,"href":"https:\/\/www.ymjakt.fi\/index.php?rest_route=\/wp\/v2\/posts\/2131\/revisions"}],"predecessor-version":[{"id":2132,"href":"https:\/\/www.ymjakt.fi\/index.php?rest_route=\/wp\/v2\/posts\/2131\/revisions\/2132"}],"wp:attachment":[{"href":"https:\/\/www.ymjakt.fi\/index.php?rest_route=%2Fwp%2Fv2%2Fmedia&parent=2131"}],"wp:term":[{"taxonomy":"category","embeddable":true,"href":"https:\/\/www.ymjakt.fi\/index.php?rest_route=%2Fwp%2Fv2%2Fcategories&post=2131"},{"taxonomy":"post_tag","embeddable":true,"href":"https:\/\/www.ymjakt.fi\/index.php?rest_route=%2Fwp%2Fv2%2Ftags&post=2131"}],"curies":[{"name":"wp","href":"https:\/\/api.w.org\/{rel}","templated":true}]}}